{"id":225,"date":"2024-02-20T08:42:10","date_gmt":"2024-02-20T08:42:10","guid":{"rendered":"https:\/\/ministeriodaverdade.com.br\/?p=225"},"modified":"2024-02-20T20:47:31","modified_gmt":"2024-02-20T20:47:31","slug":"a-relacao-entre-o-livro-1984-de-george-orwell-e-a-atualidade-brasileira","status":"publish","type":"post","link":"https:\/\/ministeriodaverdade.com.br\/index.php\/2024\/02\/20\/a-relacao-entre-o-livro-1984-de-george-orwell-e-a-atualidade-brasileira\/","title":{"rendered":"A rela\u00e7\u00e3o entre o livro 1984 de George Orwell e a atualidade brasileira"},"content":{"rendered":"<p>O livro &#8220;1984&#8221; de George Orwell, publicado em 1949, retrata uma sociedade dist\u00f3pica controlada por um regime totalit\u00e1rio, onde a manipula\u00e7\u00e3o da informa\u00e7\u00e3o \u00e9 uma ferramenta fundamental para a manuten\u00e7\u00e3o do poder. Curiosamente, muitos t\u00eam feito paralelos entre essa obra e o que est\u00e1 acontecendo no Brasil atualmente, onde a grande m\u00eddia distorce fatos para fortalecer o regime de esquerda.<\/p>\n<p>Um dos aspectos que tem chamado aten\u00e7\u00e3o \u00e9 a forma como a suprema corte tem atuado, prendendo, julgando e condenando aqueles que ousam difundir informa\u00e7\u00f5es que eles consideram falsas. Mesmo quando o Minist\u00e9rio P\u00fablico conclui que nenhum crime foi encontrado em rela\u00e7\u00e3o a determinada pessoa, a suprema corte parece agir de forma arbitr\u00e1ria, tomando decis\u00f5es que v\u00e3o al\u00e9m de sua compet\u00eancia, e agora com a criac\u00e3o do &#8220;Programa de Combate a Desinformac\u00e3o&#8221; que visa combater a &#8220;Desinformac\u00e3o e o Discurso de Odio&#8221; dara aos ministros da suprema corte o poder de definir o que \u00e9 &#8220;Desinformac\u00e3o e Discurso de Odio&#8221;. Todos os questionamentos as decisoes do supremo, podera ser considerada &#8220;Discurso de Odio&#8221;.<\/p>\n<p>Al\u00e9m disso, outro ponto preocupante \u00e9 a cria\u00e7\u00e3o da Procuradoria Nacional de Defesa da Democracia, subordinada \u00e0 Advocacia Geral da Uni\u00e3o pelo atual regime de esquerda implantado no Brasil. Essa procuradoria teria como objetivo enfrentar a &#8220;desinforma\u00e7\u00e3o sobre pol\u00edticas p\u00fablicas&#8221;, mas sem uma clara defini\u00e7\u00e3o sobre o que seria essa &#8220;desinforma\u00e7\u00e3o&#8221; ou quem teria o poder de defini-la. Essa falta de clareza ira abrir margem para abusos e censura, e colocara em risco a liberdade de express\u00e3o e a democracia.<\/p>\n<p>O livro &#8220;1984&#8221; alerta para os perigos de uma sociedade onde a verdade \u00e9 manipulada e a informa\u00e7\u00e3o \u00e9 controlada pelo Estado. A obra de Orwell serve como um lembrete de que devemos estar atentos e questionar as narrativas que nos s\u00e3o apresentadas, buscando sempre a verdade por tr\u00e1s dos fatos.<\/p>\n<p>Em um momento em que as redes sociais t\u00eam um papel cada vez mais importante na dissemina\u00e7\u00e3o de informa\u00e7\u00f5es, \u00e9 fundamental que cada um de n\u00f3s desenvolva um senso cr\u00edtico e busque fontes confi\u00e1veis. N\u00e3o podemos nos deixar levar por discursos polarizados e manipuladores, mas sim buscar uma vis\u00e3o ampla e plural do mundo, e evitar buscar informacao em grandes redes de tv, jornais e artistas famosos que estao mais interessados em fundos e suporte financeiro do que da verdade.<\/p>\n<p>Ao refletir sobre a rela\u00e7\u00e3o entre o livro &#8220;1984&#8221; e o que est\u00e1 acontecendo no Brasil, \u00e9 importante lembrar que a defesa da democracia e da liberdade de express\u00e3o \u00e9 responsabilidade de todos. Devemos estar vigilantes e lutar por uma sociedade onde a informa\u00e7\u00e3o seja livre e verdadeira, sem distor\u00e7\u00f5es ou manipula\u00e7\u00f5es e onde o poder judiciario por conveniencia decida que tudo que for dito contra o Regime Corrupto de Esquerda no Brasil deva ser considerado como &#8220;Fake News ou Discurso de Odio&#8221;.<\/p>\n<p>Devemos ser livres para rebater as mentiras propagadas pela grande midia, seus jornalistas e editores socialistas, politicos esquerdistas, ministros da suprema corte que ao inves de serem parciais sao escancaradamente contra politicos de direita e os perseguem a todo o tempo.<\/p>\n","protected":false},"excerpt":{"rendered":"<p>O livro &#8220;1984&#8221; de George Orwell, publicado em 1949, retrata uma sociedade dist\u00f3pica controlada por um regime totalit\u00e1rio, onde a manipula\u00e7\u00e3o da informa\u00e7\u00e3o \u00e9 uma ferramenta fundamental para a manuten\u00e7\u00e3o do poder. Curiosamente, muitos t\u00eam feito paralelos entre essa obra e o que est\u00e1 acontecendo no Brasil atualmente, onde a grande m\u00eddia distorce fatos para [&hellip;]<\/p>\n","protected":false},"author":2,"featured_media":224,"comment_status":"open","ping_status":"open","sticky":false,"template":"","format":"standard","meta":{"om_disable_all_campaigns":false,"_monsterinsights_skip_tracking":false,"_monsterinsights_sitenote_active":false,"_monsterinsights_sitenote_note":"","_monsterinsights_sitenote_category":0,"footnotes":""},"categories":[31],"tags":[34,30,35],"class_list":["post-225","post","type-post","status-publish","format-standard","has-post-thumbnail","hentry","category-literatura","tag-34","tag-george-orwell","tag-manipulacao-da-informacao"],"aioseo_notices":[],"_links":{"self":[{"href":"https:\/\/ministeriodaverdade.com.br\/index.php\/wp-json\/wp\/v2\/posts\/225","targetHints":{"allow":["GET"]}}],"collection":[{"href":"https:\/\/ministeriodaverdade.com.br\/index.php\/wp-json\/wp\/v2\/posts"}],"about":[{"href":"https:\/\/ministeriodaverdade.com.br\/index.php\/wp-json\/wp\/v2\/types\/post"}],"author":[{"embeddable":true,"href":"https:\/\/ministeriodaverdade.com.br\/index.php\/wp-json\/wp\/v2\/users\/2"}],"replies":[{"embeddable":true,"href":"https:\/\/ministeriodaverdade.com.br\/index.php\/wp-json\/wp\/v2\/comments?post=225"}],"version-history":[{"count":2,"href":"https:\/\/ministeriodaverdade.com.br\/index.php\/wp-json\/wp\/v2\/posts\/225\/revisions"}],"predecessor-version":[{"id":246,"href":"https:\/\/ministeriodaverdade.com.br\/index.php\/wp-json\/wp\/v2\/posts\/225\/revisions\/246"}],"wp:featuredmedia":[{"embeddable":true,"href":"https:\/\/ministeriodaverdade.com.br\/index.php\/wp-json\/"}],"wp:attachment":[{"href":"https:\/\/ministeriodaverdade.com.br\/index.php\/wp-json\/wp\/v2\/media?parent=225"}],"wp:term":[{"taxonomy":"category","embeddable":true,"href":"https:\/\/ministeriodaverdade.com.br\/index.php\/wp-json\/wp\/v2\/categories?post=225"},{"taxonomy":"post_tag","embeddable":true,"href":"https:\/\/ministeriodaverdade.com.br\/index.php\/wp-json\/wp\/v2\/tags?post=225"}],"curies":[{"name":"wp","href":"https:\/\/api.w.org\/{rel}","templated":true}]}}