{"id":215,"date":"2023-02-20T10:15:28","date_gmt":"2023-02-20T10:15:28","guid":{"rendered":"https:\/\/ministeriodaverdade.com.br\/?p=215"},"modified":"2024-02-20T21:19:49","modified_gmt":"2024-02-20T21:19:49","slug":"a-transformacao-do-orcamento-secreto-em-emenda-de-relator-a-manipulacao-da-verdade-e-a-propagacao-de-noticias-enganosas-pela-grande-midia","status":"publish","type":"post","link":"https:\/\/ministeriodaverdade.com.br\/index.php\/2023\/02\/20\/a-transformacao-do-orcamento-secreto-em-emenda-de-relator-a-manipulacao-da-verdade-e-a-propagacao-de-noticias-enganosas-pela-grande-midia\/","title":{"rendered":"A transforma\u00e7\u00e3o do &#8220;or\u00e7amento secreto&#8221; em emenda de relator: a manipula\u00e7\u00e3o da verdade e a propaga\u00e7\u00e3o de not\u00edcias enganosas pela grande m\u00eddia"},"content":{"rendered":"<div class=\"flex flex-grow flex-col max-w-full\">\n<div class=\"min-h-[20px] text-message flex flex-col items-start gap-3 whitespace-pre-wrap break-words [.text-message+&amp;]:mt-5 overflow-x-auto\" data-message-author-role=\"assistant\" data-message-id=\"e043e6c5-ee33-49f5-aaf9-ddc09cc77e45\">\n<div class=\"markdown prose w-full break-words dark:prose-invert light\">\n<p>Durante os \u00faltimos pleitos eleitorais no Brasil, temos sido testemunhas de uma acirrada contenda pol\u00edtica, na qual a distor\u00e7\u00e3o da verdade e a dissemina\u00e7\u00e3o de informa\u00e7\u00f5es enganosas pelas grandes redes de jornalismo desempenharam um papel de destaque. Um exemplo flagrante dessa din\u00e2mica \u00e9 a metamorfose do que inicialmente foi rotulado como &#8220;or\u00e7amento secreto&#8221; para &#8220;emenda de relator&#8221; quando o espectro pol\u00edtico da esquerda ascendeu ao poder.<\/p>\n<p>Conforme relatos da grande m\u00eddia, o denominado &#8220;or\u00e7amento secreto&#8221; foi caracterizado como uma manobra obscura destinada a favorecer o ex-presidente. Contudo, quando a esquerda assumiu o controle, essa mesma rubrica or\u00e7ament\u00e1ria foi subitamente rebatizada como &#8220;emenda de relator&#8221;, sendo essa transmuta\u00e7\u00e3o amplamente difundida pela grande m\u00eddia, favorecendo os interesses da esquerda.<\/p>\n<p>Esta altera\u00e7\u00e3o discursiva representa um exemplo not\u00f3rio de como a m\u00eddia pode influenciar a opini\u00e3o p\u00fablica, distorcendo os fatos para moldar a percep\u00e7\u00e3o das pessoas. Ao modificar a nomenclatura, a m\u00eddia constr\u00f3i uma nova narrativa, alinhada aos interesses pol\u00edticos em jogo.<\/p>\n<p>\u00c9 imperativo destacar que a m\u00eddia deveria desempenhar um papel fundamental na sociedade, fornecendo informa\u00e7\u00f5es de maneira imparcial e objetiva. Contudo, quando a m\u00eddia se torna parcial e manipula os eventos para favorecer grupos pol\u00edticos espec\u00edficos, sua credibilidade \u00e9 comprometida, amea\u00e7ando os princ\u00edpios democr\u00e1ticos.<\/p>\n<p>A manipula\u00e7\u00e3o da verdade e a dissemina\u00e7\u00e3o de not\u00edcias enganosas n\u00e3o se limitam mais \u00e0s emissoras de televis\u00e3o, estendendo-se tamb\u00e9m \u00e0 imprensa escrita, blogs e at\u00e9 mesmo a influentes artistas, todos associados \u00e0 esquerda. Esses atores, muitas vezes impulsionados por interesses financeiros, t\u00eam empregado tais estrat\u00e9gias para alcan\u00e7ar seus objetivos. O cerne do problema reside na falta de transpar\u00eancia, na aus\u00eancia de um jornalismo comprometido com a verdade e a imparcialidade, e em um sistema judici\u00e1rio que parece perseguir figuras pol\u00edticas e individuais de orienta\u00e7\u00e3o mais \u00e0 direita.<\/p>\n<p>Ao aceitar e propagar not\u00edcias enganosas, a m\u00eddia contribui para a polariza\u00e7\u00e3o pol\u00edtica, fomentando o \u00f3dio e a desinforma\u00e7\u00e3o. Essa pr\u00e1tica mina o debate democr\u00e1tico e dificulta a busca por consensos e solu\u00e7\u00f5es para os desafios enfrentados pelo pa\u00eds.<\/p>\n<p>\u00c9 crucial que os cidad\u00e3os permane\u00e7am atentos a essas manipula\u00e7\u00f5es, busquem fontes de informa\u00e7\u00e3o confi\u00e1veis e imparciais, e reconhe\u00e7am a import\u00e2ncia da pluralidade de opini\u00f5es para a sa\u00fade da democracia. No entanto, \u00e9 necess\u00e1rio tamb\u00e9m garantir que haja uma diversidade de fontes de informa\u00e7\u00e3o que n\u00e3o sejam reprimidas por discordarem das narrativas predominantes da esquerda, assegurando assim a transpar\u00eancia e a imparcialidade na divulga\u00e7\u00e3o de informa\u00e7\u00f5es. A liberdade de imprensa, sendo um pilar fundamental da democracia, deve ser exercida de maneira respons\u00e1vel, imparcial e \u00e9tica.<\/p>\n<p>Em conclus\u00e3o, a transforma\u00e7\u00e3o do &#8220;or\u00e7amento secreto&#8221; em &#8220;emenda de relator&#8221; constitui um exemplo inequ\u00edvoco da manipula\u00e7\u00e3o da verdade e da propaga\u00e7\u00e3o de not\u00edcias enganosas pela grande m\u00eddia. Tais pr\u00e1ticas comprometem a democracia e abalam a confian\u00e7a da popula\u00e7\u00e3o nas institui\u00e7\u00f5es. Portanto, cabe a cada um de n\u00f3s, enquanto cidad\u00e3os, buscar a verdade e demandar uma m\u00eddia comprometida com a imparcialidade e a transpar\u00eancia<\/p>\n<\/div>\n<\/div>\n<\/div>\n","protected":false},"excerpt":{"rendered":"<p>Durante os \u00faltimos pleitos eleitorais no Brasil, temos sido testemunhas de uma acirrada contenda pol\u00edtica, na qual a distor\u00e7\u00e3o da verdade e a dissemina\u00e7\u00e3o de informa\u00e7\u00f5es enganosas pelas grandes redes de jornalismo desempenharam um papel de destaque. Um exemplo flagrante dessa din\u00e2mica \u00e9 a metamorfose do que inicialmente foi rotulado como &#8220;or\u00e7amento secreto&#8221; para &#8220;emenda [&hellip;]<\/p>\n","protected":false},"author":2,"featured_media":214,"comment_status":"open","ping_status":"open","sticky":false,"template":"","format":"standard","meta":{"om_disable_all_campaigns":false,"_monsterinsights_skip_tracking":false,"_monsterinsights_sitenote_active":false,"_monsterinsights_sitenote_note":"","_monsterinsights_sitenote_category":0,"footnotes":""},"categories":[9],"tags":[27,28,29],"class_list":["post-215","post","type-post","status-publish","format-standard","has-post-thumbnail","hentry","category-politica","tag-manipulacao-da-verdade","tag-midia-tendenciosa","tag-noticias-enganosas"],"aioseo_notices":[],"_links":{"self":[{"href":"https:\/\/ministeriodaverdade.com.br\/index.php\/wp-json\/wp\/v2\/posts\/215","targetHints":{"allow":["GET"]}}],"collection":[{"href":"https:\/\/ministeriodaverdade.com.br\/index.php\/wp-json\/wp\/v2\/posts"}],"about":[{"href":"https:\/\/ministeriodaverdade.com.br\/index.php\/wp-json\/wp\/v2\/types\/post"}],"author":[{"embeddable":true,"href":"https:\/\/ministeriodaverdade.com.br\/index.php\/wp-json\/wp\/v2\/users\/2"}],"replies":[{"embeddable":true,"href":"https:\/\/ministeriodaverdade.com.br\/index.php\/wp-json\/wp\/v2\/comments?post=215"}],"version-history":[{"count":1,"href":"https:\/\/ministeriodaverdade.com.br\/index.php\/wp-json\/wp\/v2\/posts\/215\/revisions"}],"predecessor-version":[{"id":249,"href":"https:\/\/ministeriodaverdade.com.br\/index.php\/wp-json\/wp\/v2\/posts\/215\/revisions\/249"}],"wp:featuredmedia":[{"embeddable":true,"href":"https:\/\/ministeriodaverdade.com.br\/index.php\/wp-json\/"}],"wp:attachment":[{"href":"https:\/\/ministeriodaverdade.com.br\/index.php\/wp-json\/wp\/v2\/media?parent=215"}],"wp:term":[{"taxonomy":"category","embeddable":true,"href":"https:\/\/ministeriodaverdade.com.br\/index.php\/wp-json\/wp\/v2\/categories?post=215"},{"taxonomy":"post_tag","embeddable":true,"href":"https:\/\/ministeriodaverdade.com.br\/index.php\/wp-json\/wp\/v2\/tags?post=215"}],"curies":[{"name":"wp","href":"https:\/\/api.w.org\/{rel}","templated":true}]}}