{"id":207,"date":"2024-02-17T21:41:43","date_gmt":"2024-02-17T21:41:43","guid":{"rendered":"https:\/\/ministeriodaverdade.com.br\/?p=207"},"modified":"2024-02-20T21:47:32","modified_gmt":"2024-02-20T21:47:32","slug":"a-suprema-corte-brasileira-e-a-interferencia-na-politica-nacional","status":"publish","type":"post","link":"https:\/\/ministeriodaverdade.com.br\/index.php\/2024\/02\/17\/a-suprema-corte-brasileira-e-a-interferencia-na-politica-nacional\/","title":{"rendered":"A Suprema Corte Brasileira e a Interfer\u00eancia na Pol\u00edtica Nacional"},"content":{"rendered":"<div class=\"flex flex-grow flex-col max-w-full\">\n<div class=\"min-h-[20px] text-message flex flex-col items-start gap-3 whitespace-pre-wrap break-words [.text-message+&amp;]:mt-5 overflow-x-auto\" data-message-author-role=\"assistant\" data-message-id=\"4ea86f20-2de9-4d1e-aa4f-b5022ede82e6\">\n<div class=\"markdown prose w-full break-words dark:prose-invert light\">\n<p>Recentemente, ocorreu um epis\u00f3dio not\u00e1vel no cen\u00e1rio pol\u00edtico brasileiro, quando um dos ministros da Suprema Corte solicitou o afastamento do l\u00edder do governo que votou favoravelmente a um projeto em tramita\u00e7\u00e3o na C\u00e2mara dos Deputados. Esse projeto visava limitar os poderes dos ministros do Supremo Tribunal Federal (STF) em tomar decis\u00f5es monocr\u00e1ticas sem a necessidade de vota\u00e7\u00e3o dos demais membros da corte.<\/p>\n<p>Nas suas declara\u00e7\u00f5es, o ministro expressou sua decep\u00e7\u00e3o com o voto do deputado do PT, ressaltando que muitos pol\u00edticos da esquerda Brasileira so foram eleitos devido \u00e0s interven\u00e7\u00f5es da Suprema Corte. Vale destacar que a suprema corte tem anulado e esta anulando todas as condena\u00e7oes referentes a Opera\u00e7\u00e3o Lava Jato para favorecer corruptos ligados a esquerda, Esta afirma\u00e7\u00e3o destaca um evidente vi\u00e9s pol\u00edtico e interfer\u00eancia do STF na arena pol\u00edtica brasileira.<\/p>\n<p>A Suprema Corte brasileira, enquanto \u00f3rg\u00e3o m\u00e1ximo do Poder Judici\u00e1rio, tem como miss\u00e3o interpretar a Constitui\u00e7\u00e3o Federal e assegurar a sua aplica\u00e7\u00e3o, garantindo a legalidade e a justi\u00e7a. No entanto, cr\u00edticas e controv\u00e9rsias t\u00eam cercado a atua\u00e7\u00e3o do STF, com muitos argumentando que suas decis\u00f5es s\u00e3o cada vez mais influenciadas por interesses pol\u00edticos, comprometendo a imparcialidade e independ\u00eancia do tribunal.<\/p>\n<p>A Opera\u00e7\u00e3o Lava Jato, um marco na hist\u00f3ria recente do Brasil, exp\u00f4s uma s\u00e9rie de esc\u00e2ndalos de corrup\u00e7\u00e3o envolvendo figuras pol\u00edticas e empresariais de alto escal\u00e3o. Durante esse per\u00edodo, a Suprema Corte desempenhou um papel crucial, julgando casos de pol\u00edticos com foro privilegiado. Contudo, algumas decis\u00f5es monocr\u00e1ticas anularam a maioria desses processos e pris\u00f5es, incluindo as que envolviam o ex-presidente Lula, gerando debates sobre a imparcialidade do tribunal.<\/p>\n<\/div>\n<\/div>\n<\/div>\n<figure id=\"attachment_246\" aria-describedby=\"caption-attachment-246\" style=\"width: 565px\" class=\"wp-caption alignright\"><img loading=\"lazy\" decoding=\"async\" class=\"wp-image-246 size-full\" src=\"https:\/\/ministeriodaverdade.com.br\/wp-content\/uploads\/2023\/12\/pec-do-voto-impresso4.jpg\" alt=\"Nao tinha nada de impressao de cedula de voto como antigamente como alegava o entao presidente do TSE. O mesmo que afirmou depois, que eles derrotaram o Bolsonarismo.\" width=\"565\" height=\"124\" \/><figcaption id=\"caption-attachment-246\" class=\"wp-caption-text\">Nao tinha nada de impressao de cedula de voto como antigamente como alegava o entao presidente do TSE. O mesmo que afirmou depois, que eles derrotaram o Bolsonarismo.<\/figcaption><\/figure>\n<p>Outro exemplo foi durante a discussao de um projeto que prepunha adicionar o voto impresso durante as eleicoes passadas, atualmente no Brasil existe o voto eletronico e o projeto propunha a adi\u00e7\u00e3o de uma impressora que nao teria nenhum contato com o eleitor, mais mostraria o nome do candidato na qual a pessoa votou e se confirmado o comprovante cairia automaticamente numa urna lacrada sem nenhum contato manual que poderia ser conferida posteriormente em caso de duvidas ou erros na contagem dos votos da urna eletronica.<\/p>\n<p>Um dos ministros teve encontros com varios lideres de partidos, para que esses trocassem os membros da commissao por deputados que eram contra a implementa\u00e7\u00e3o do voto impresso. Esse ministro chegou ate a dar palestras em Londres mentindo e dizendo que o projeto era pra substituir complementamente a urna eletronica com a cedula de papel e quando foi questionado o porque ele estava mentindo, ele simplemente chamou a pessoa de pregadora de discurso de odio e intolerante.<\/p>\n<figure id=\"attachment_234\" aria-describedby=\"caption-attachment-234\" style=\"width: 240px\" class=\"wp-caption alignleft\"><img loading=\"lazy\" decoding=\"async\" class=\"wp-image-234 size-medium\" src=\"https:\/\/ministeriodaverdade.com.br\/wp-content\/uploads\/2023\/12\/pt-venezuela-maduro-240x300.jpg\" alt=\"\" width=\"240\" height=\"300\" \/><figcaption id=\"caption-attachment-234\" class=\"wp-caption-text\"><strong>(imagem) Deltan Dalanol<\/strong><\/figcaption><\/figure>\n<p>Durante as elei\u00e7\u00f5es de 2022, informa\u00e7\u00f5es desfavor\u00e1veis \u00e0 esquerda foram proibidas, como a associa\u00e7\u00e3o do candidato de esquerda Lula a ditadores como Nicolas Maduro e Daniel Ortega, al\u00e9m de propostas de implementa\u00e7\u00e3o de mecanismos de censura e controle na internet, m\u00eddia e redes sociais. Tais restri\u00e7\u00f5es levantam preocupa\u00e7\u00f5es sobre a liberdade de express\u00e3o e o papel do Judici\u00e1rio na moldagem do cen\u00e1rio pol\u00edtico.<\/p>\n<p>A independ\u00eancia e imparcialidade da Suprema Corte s\u00e3o fundamentais para a democracia. Diante dessas interferencias, seria\u00a0 necess\u00e1rio que houvesse um debate amplo e transparente sobre o papel da Suprema Corte na pol\u00edtica brasileira, e esse debate devieria acontecer no Senado federal, porem como muitos senadores sao envolvidos ou estao com processos de corrupcao pendentes na suprema corte, eles preferem se calar com medo de que seus processos sejao abertos e julgados.<\/p>\n<p>Seria preciso discutir de maneira seria formas de garantir a independ\u00eancia do tribunal, evitando que interesses pol\u00edticos influenciem suas decis\u00f5es. Al\u00e9m disso, seria fundamental fortalecer os mecanismos de controle e fiscaliza\u00e7\u00e3o do Judici\u00e1rio, para assegurar que ele atue de acordo com os princ\u00edpios da legalidade e da justi\u00e7a. Para isso precisaria de uma completa renovacao do senado federal com politicos sem processos de corrupcao, sem ligacao com a esquerda e toda a corja de corruptos que faz parte dela.<\/p>\n<div class=\"flex flex-grow flex-col max-w-full\">\n<div class=\"min-h-[20px] text-message flex flex-col items-start gap-3 whitespace-pre-wrap break-words [.text-message+&amp;]:mt-5 overflow-x-auto\" data-message-author-role=\"assistant\" data-message-id=\"4ea86f20-2de9-4d1e-aa4f-b5022ede82e6\">\n<div class=\"markdown prose w-full break-words dark:prose-invert light\">\n<p>Em conclus\u00e3o, a probabilidade de mudan\u00e7as significativas parece remota, especialmente considerando a atual composi\u00e7\u00e3o pol\u00edtica e a nomea\u00e7\u00e3o de ministros pela esquerda. Isso levanta quest\u00f5es sobre a imparcialidade da Suprema Corte, a independ\u00eancia judicial e o impacto na confian\u00e7a da popula\u00e7\u00e3o nas institui\u00e7\u00f5es democr\u00e1ticas.<\/p>\n<\/div>\n<\/div>\n<\/div>\n","protected":false},"excerpt":{"rendered":"<p>Recentemente, ocorreu um epis\u00f3dio not\u00e1vel no cen\u00e1rio pol\u00edtico brasileiro, quando um dos ministros da Suprema Corte solicitou o afastamento do l\u00edder do governo que votou favoravelmente a um projeto em tramita\u00e7\u00e3o na C\u00e2mara dos Deputados. Esse projeto visava limitar os poderes dos ministros do Supremo Tribunal Federal (STF) em tomar decis\u00f5es monocr\u00e1ticas sem a necessidade [&hellip;]<\/p>\n","protected":false},"author":2,"featured_media":206,"comment_status":"open","ping_status":"open","sticky":false,"template":"","format":"standard","meta":{"om_disable_all_campaigns":false,"_monsterinsights_skip_tracking":false,"_monsterinsights_sitenote_active":false,"_monsterinsights_sitenote_note":"","_monsterinsights_sitenote_category":0,"footnotes":""},"categories":[20],"tags":[21,22,23],"class_list":["post-207","post","type-post","status-publish","format-standard","has-post-thumbnail","hentry","category-justica","tag-lava-jato","tag-politica-brasileira","tag-suprema-corte"],"aioseo_notices":[],"_links":{"self":[{"href":"https:\/\/ministeriodaverdade.com.br\/index.php\/wp-json\/wp\/v2\/posts\/207","targetHints":{"allow":["GET"]}}],"collection":[{"href":"https:\/\/ministeriodaverdade.com.br\/index.php\/wp-json\/wp\/v2\/posts"}],"about":[{"href":"https:\/\/ministeriodaverdade.com.br\/index.php\/wp-json\/wp\/v2\/types\/post"}],"author":[{"embeddable":true,"href":"https:\/\/ministeriodaverdade.com.br\/index.php\/wp-json\/wp\/v2\/users\/2"}],"replies":[{"embeddable":true,"href":"https:\/\/ministeriodaverdade.com.br\/index.php\/wp-json\/wp\/v2\/comments?post=207"}],"version-history":[{"count":1,"href":"https:\/\/ministeriodaverdade.com.br\/index.php\/wp-json\/wp\/v2\/posts\/207\/revisions"}],"predecessor-version":[{"id":251,"href":"https:\/\/ministeriodaverdade.com.br\/index.php\/wp-json\/wp\/v2\/posts\/207\/revisions\/251"}],"wp:featuredmedia":[{"embeddable":true,"href":"https:\/\/ministeriodaverdade.com.br\/index.php\/wp-json\/"}],"wp:attachment":[{"href":"https:\/\/ministeriodaverdade.com.br\/index.php\/wp-json\/wp\/v2\/media?parent=207"}],"wp:term":[{"taxonomy":"category","embeddable":true,"href":"https:\/\/ministeriodaverdade.com.br\/index.php\/wp-json\/wp\/v2\/categories?post=207"},{"taxonomy":"post_tag","embeddable":true,"href":"https:\/\/ministeriodaverdade.com.br\/index.php\/wp-json\/wp\/v2\/tags?post=207"}],"curies":[{"name":"wp","href":"https:\/\/api.w.org\/{rel}","templated":true}]}}