{"id":13,"date":"2024-02-20T19:38:52","date_gmt":"2024-02-20T19:38:52","guid":{"rendered":"http:\/\/ministeriodaverdade.com.br\/index.php\/2024\/01\/03\/ministerio-da-verdade-buscando-a-verdade-em-todas-as-formas-2\/"},"modified":"2024-02-20T20:34:09","modified_gmt":"2024-02-20T20:34:09","slug":"ministerio-da-verdade-buscando-a-verdade-em-todas-as-formas-2","status":"publish","type":"post","link":"https:\/\/ministeriodaverdade.com.br\/index.php\/2024\/02\/20\/ministerio-da-verdade-buscando-a-verdade-em-todas-as-formas-2\/","title":{"rendered":"Minist\u00e9rio da Verdade: Buscando a verdade em todas as formas"},"content":{"rendered":"<p>Bem-vindos ao Minist\u00e9rio da Verdade, um blog dedicado a trazer \u00e0 luz a verdade em meio \u00e0s complexidades da informa\u00e7\u00e3o. Nossa miss\u00e3o \u00e9 desvendar informa\u00e7\u00f5es ocultas e desmascarar as falsidades disseminadas pelo regime vigente no Brasil e pela grande m\u00eddia do pa\u00eds.<\/p>\n<p>Estamos cientes de que vivemos em um mundo saturado de desinforma\u00e7\u00e3o e not\u00edcias distorcidas. Por esse motivo, empenhamo-nos em fornecer artigos, not\u00edcias e opini\u00f5es \u00edntegras sobre diversas tem\u00e1ticas.<\/p>\n<p>No Minist\u00e9rio da Verdade, defendemos que a verdade \u00e9 um direito fundamental de todos os cidad\u00e3os. Superamos as narrativas da grande m\u00eddia ao investigar, verificar fatos e trazer \u00e0 tona informa\u00e7\u00f5es muitas vezes ignoradas ou distorcidas.<\/p>\n<p>Reconhecemos que a verdade pode ser subjetiva, e diferentes perspectivas podem coexistir sobre um mesmo assunto. Buscamos, portanto, apresentar diversas vis\u00f5es, permitindo que voc\u00ea forme sua pr\u00f3pria opini\u00e3o de maneira informada e consciente.<\/p>\n<p>Nosso objetivo n\u00e3o \u00e9 impor uma \u00fanica verdade, mas sim incentivar o pensamento cr\u00edtico e fomentar o debate saud\u00e1vel. Acreditamos que \u00e9 por meio da discuss\u00e3o e da troca de ideias que nos aproximamos da verdade.<\/p>\n<p>Al\u00e9m disso, encorajamos ativamente a participa\u00e7\u00e3o de nossos leitores, incentivando a partilha de opini\u00f5es e contribui\u00e7\u00f5es com informa\u00e7\u00f5es relevantes. Valorizamos a diversidade de perspectivas, reconhecendo que todos t\u00eam o direito de fazerem-se ouvir.<\/p>\n<p>No Minist\u00e9rio da Verdade, compreendemos que a busca pela verdade \u00e9 um processo cont\u00ednuo. Comprometemo-nos a manter a transpar\u00eancia e a integridade em todas as nossas a\u00e7\u00f5es. Nossos leitores s\u00e3o nossa prioridade, e nos esfor\u00e7amos para oferecer informa\u00e7\u00f5es confi\u00e1veis e pertinentes.<\/p>\n<p>Una-se a n\u00f3s nesta jornada pela verdade. Explore nossos artigos, not\u00edcias e opini\u00f5es, e forme sua pr\u00f3pria vis\u00e3o. No Minist\u00e9rio da Verdade, a verdade est\u00e1 ao seu alcance.<\/p>\n","protected":false},"excerpt":{"rendered":"<p>Bem-vindos ao Minist\u00e9rio da Verdade, um blog dedicado a trazer \u00e0 luz a verdade em meio \u00e0s complexidades da informa\u00e7\u00e3o. Nossa miss\u00e3o \u00e9 desvendar informa\u00e7\u00f5es ocultas e desmascarar as falsidades disseminadas pelo regime vigente no Brasil e pela grande m\u00eddia do pa\u00eds. Estamos cientes de que vivemos em um mundo saturado de desinforma\u00e7\u00e3o e not\u00edcias [&hellip;]<\/p>\n","protected":false},"author":1,"featured_media":14,"comment_status":"open","ping_status":"open","sticky":false,"template":"","format":"standard","meta":{"om_disable_all_campaigns":false,"_monsterinsights_skip_tracking":false,"_monsterinsights_sitenote_active":false,"_monsterinsights_sitenote_note":"","_monsterinsights_sitenote_category":0,"footnotes":""},"categories":[1],"tags":[],"class_list":["post-13","post","type-post","status-publish","format-standard","has-post-thumbnail","hentry","category-blog"],"aioseo_notices":[],"_links":{"self":[{"href":"https:\/\/ministeriodaverdade.com.br\/index.php\/wp-json\/wp\/v2\/posts\/13","targetHints":{"allow":["GET"]}}],"collection":[{"href":"https:\/\/ministeriodaverdade.com.br\/index.php\/wp-json\/wp\/v2\/posts"}],"about":[{"href":"https:\/\/ministeriodaverdade.com.br\/index.php\/wp-json\/wp\/v2\/types\/post"}],"author":[{"embeddable":true,"href":"https:\/\/ministeriodaverdade.com.br\/index.php\/wp-json\/wp\/v2\/users\/1"}],"replies":[{"embeddable":true,"href":"https:\/\/ministeriodaverdade.com.br\/index.php\/wp-json\/wp\/v2\/comments?post=13"}],"version-history":[{"count":2,"href":"https:\/\/ministeriodaverdade.com.br\/index.php\/wp-json\/wp\/v2\/posts\/13\/revisions"}],"predecessor-version":[{"id":240,"href":"https:\/\/ministeriodaverdade.com.br\/index.php\/wp-json\/wp\/v2\/posts\/13\/revisions\/240"}],"wp:featuredmedia":[{"embeddable":true,"href":"https:\/\/ministeriodaverdade.com.br\/index.php\/wp-json\/wp\/v2\/media\/14"}],"wp:attachment":[{"href":"https:\/\/ministeriodaverdade.com.br\/index.php\/wp-json\/wp\/v2\/media?parent=13"}],"wp:term":[{"taxonomy":"category","embeddable":true,"href":"https:\/\/ministeriodaverdade.com.br\/index.php\/wp-json\/wp\/v2\/categories?post=13"},{"taxonomy":"post_tag","embeddable":true,"href":"https:\/\/ministeriodaverdade.com.br\/index.php\/wp-json\/wp\/v2\/tags?post=13"}],"curies":[{"name":"wp","href":"https:\/\/api.w.org\/{rel}","templated":true}]}}